{"id":24588,"date":"2021-09-30T10:10:53","date_gmt":"2021-09-30T08:10:53","guid":{"rendered":"http:\/\/patriotycznykrakow.pl\/?p=24588"},"modified":"2021-09-30T10:10:54","modified_gmt":"2021-09-30T08:10:54","slug":"medale-w-uznaniu-zaslug-dla-krakowa","status":"publish","type":"post","link":"https:\/\/patriotycznykrakow.pl\/index.php\/2021\/09\/30\/medale-w-uznaniu-zaslug-dla-krakowa\/","title":{"rendered":"Medale w uznaniu zas\u0142ug dla Krakowa"},"content":{"rendered":"\n<p style=\"text-align: justify;\">Prof. Jan Ostrowski, Mieczys\u0142aw Koz\u0142owski i Kazimierz Barczyk \u2013 trzy wyj\u0105tkowe osoby zwi\u0105zane z Krakowem i zas\u0142u\u017cone dla miasta odebra\u0142y br\u0105zowe medale Cracoviae Merenti. Najwy\u017csze odznaczenia przyznawane przez Krak\u00f3w wr\u0119czone zosta\u0142y przez Dominika Ja\u015bkowca, Przewodnicz\u0105cego Rady Miasta Krakowa, oraz Jacka Majchrowskiego, Prezydenta Miasta Krakowa. Uroczysto\u015b\u0107 odby\u0142a si\u0119 w \u015brod\u0119, 29 wrze\u015bnia o godz. 12.00 w Centrum Kongresowym ICE Krak\u00f3w.<\/p><\/p>\n\n\n\n<p style=\"text-align: justify;\">Prof. Jan Ostrowski nale\u017cy do grona najwybitniejszych polskich historyk\u00f3w sztuki. Jego rozleg\u0142a i zr\u00f3\u017cnicowana dzia\u0142alno\u015b\u0107 naukowa cieszy si\u0119 szerokim mi\u0119dzynarodowym uznaniem i od lat rozs\u0142awia polsk\u0105 kultur\u0119 w \u015bwiecie. To dzi\u0119ki jego kilkudziesi\u0119cioletniej pracy na stanowisku dyrektora Muzeum \u201eZamek Kr\u00f3lewski na Wawelu\u201d plac\u00f3wka zyska\u0142a mi\u0119dzynarodowy rozg\u0142os, a poziomem i bogactwem ekspozycji dor\u00f3wnuje najwi\u0119kszym instytucjom tego typu na \u015bwiecie. Jest te\u017c wybitnym uczonym, wyk\u0142adowc\u0105 akademickim, prezesem Pa\u0144stwowej Akademii Umiej\u0119tno\u015bci, wiceprzewodnicz\u0105cym Spo\u0142ecznego Komitetu Odnowy Zabytk\u00f3w Krakowa, autorem ok. 300 publikacji. Cennym wk\u0142adem prof. Ostrowskiego w rozw\u00f3j polskiej i europejskiej nauki pozostaj\u0105 r\u00f3wnie\u017c badania nad dziedzictwem kulturowym dawnych Kres\u00f3w Wschodnich. Prof. Ostrowski wdro\u017cy\u0142 kompleksowy, perspektywiczny program rewitalizacji budowli i teren\u00f3w na wzg\u00f3rzu wawelskim. Zbudowa\u0142 pr\u0119\u017cny, nowoczesny dzia\u0142 konserwatorsko-techniczny. Pod jego zarz\u0105dem zmodernizowano infrastruktur\u0119 techniczn\u0105 muzeum, poszerzono przestrze\u0144 wystawiennicz\u0105 komnat, skarbca i zbrojowni, wprowadzono nowoczesny system zabezpieczenia zbior\u00f3w, uruchomiono nowe ekspozycje i opracowano sprawny system obs\u0142ugi ruchu turystycznego.<\/p><\/p>\n\n\n\n<p style=\"text-align: justify;\">&#8211; Szanowany Panie Profesorze, Dostojny Laureacie, w imieniu samorz\u0105du krakowskiego i mieszka\u0144c\u00f3w Krakowa pragn\u0119 wyrazi\u0107 wdzi\u0119czno\u015b\u0107 za wszystkie dzia\u0142ania, jakich Pan dokona\u0142 dla dobra naszego miasta, za piel\u0119gnowanie ducha polsko\u015bci, za dba\u0142o\u015b\u0107 o dziedzictwo poprzednich pokole\u0144, za ducha estetyki i pi\u0119kna. Prosz\u0119, by czcigodny laureat przyj\u0105\u0142 medal Cracoviae Merenti nie tylko jako wyraz uznania, lecz tak\u017ce dow\u00f3d na wielki wk\u0142ad w rozw\u00f3j Sto\u0142ecznego Kr\u00f3lewskiego Miasta Krakowa \u2013 m\u00f3wi\u0142 do&nbsp; laureata Dominik Ja\u015bkowiec, Przewodnicz\u0105cy Rady Miasta Krakowa.<\/p><\/p>\n\n\n\n<p>***<\/p>\n\n\n\n<p style=\"text-align: justify;\">\u2013 To dla mnie ogromny zaszczyt wr\u0119cza\u0107 dzi\u015b Panu br\u0105zowy medal Cracoviae Merenti, najwy\u017csze wyr\u00f3\u017cnienie samorz\u0105du krakowskiego, kt\u00f3re jest wyrazem wdzi\u0119czno\u015bci w\u0142adz i mieszka\u0144c\u00f3w za Pa\u0144sk\u0105 wieloletni\u0105 pos\u0142ug\u0119, za kreatywno\u015b\u0107, ch\u0119\u0107 tworzenia dla dobra drugiego cz\u0142owieka, za promocj\u0119 polskiej nauki i o\u015bwiaty, a przede wszystkim za niwelowanie barier i dzia\u0142ania przeciw wykluczeniu. W imieniu Rady Miasta Krakowa i w\u0142asnym gratuluj\u0119 tego wyr\u00f3\u017cnienia oraz \u017cycz\u0119, aby Pa\u0144ska postawa i \u017cyciorys by\u0142y drogowskazem dla przysz\u0142ych pokole\u0144 \u2013 te s\u0142owa skierowa\u0142 Przewodnicz\u0105cy RMK do Mieczys\u0142awa Koz\u0142owskiego podczas uroczystej sesji.<\/p><\/p>\n\n\n\n<p style=\"text-align: justify;\">Mieczys\u0142aw Koz\u0142owski wi\u0119ksz\u0105 cz\u0119\u015b\u0107 \u017cycia po\u015bwi\u0119ci\u0142 na polepszenie standard\u00f3w \u017cycia i kszta\u0142cenia dzieci i m\u0142odzie\u017cy z dysfunkcj\u0105 wzroku. Przez ponad 20 lat by\u0142 dyrektorem Specjalnego O\u015brodka Szkolno-Wychowawczego dla Dzieci Niewidomych i S\u0142abowidz\u0105cych w Krakowie&nbsp; \u2013 kierowa\u0142 nim w latach 1985\u2013007. By\u0142 to czas najwi\u0119kszego rozwoju plac\u00f3wki, kt\u00f3ra sta\u0142a si\u0119 og\u00f3lnopolskim centrum kszta\u0142cenia, rewalidacji i rehabilitacji dzieci i m\u0142odzie\u017cy z niepe\u0142nosprawno\u015bci\u0105 wzroku, wysoko cenionym zar\u00f3wno w kraju, jak i za granic\u0105. Z ma\u0142ej szko\u0142y podstawowej dla dzieci niewidomych, jak\u0105 by\u0142a w 1985 roku, z 77 uczniami, stworzy\u0142 w 2007 roku plac\u00f3wk\u0119 sk\u0142adaj\u0105c\u0105 si\u0119 z dziewi\u0119ciu szk\u00f3\u0142 i dw\u00f3ch internat\u00f3w, do kt\u00f3rej ucz\u0119szcza\u0142o 679 os\u00f3b. Doprowadzi\u0142 do stworzenia od podstaw siedmiu pracowni komputerowych z nowoczesnym oprogramowaniem i technologiami wspomagaj\u0105cymi, oraz unowocze\u015bni\u0142 metody nauczania dzieci i m\u0142odzie\u017cy z dysfunkcj\u0105 wzroku, tworz\u0105c zespo\u0142y ds. technik stosowanych w trakcie matur, odpowiedzialne tak\u017ce za komputeryzacj\u0119 i informatyzacj\u0119 dydaktyki.<\/p><\/p>\n\n\n\n<p>***<\/p>\n\n\n\n<p style=\"text-align: justify;\">Kazimierz Barczyk, trzeci z laureat\u00f3w,&nbsp; to znany krakowski samorz\u0105dowiec, spo\u0142ecznik, prawnik, s\u0119dzia i adwokat. W latach 1990\u20131993 by\u0142 pierwszym \u2013 po odrodzeniu samorz\u0105du terytorialnego \u2013 przewodnicz\u0105cym Rady Sto\u0142ecznego Kr\u00f3lewskiego Miasta Krakowa, a p\u00f3\u017aniej radnym Miasta Krakowa i Wojew\u00f3dztwa Ma\u0142opolskiego. By\u0142 pos\u0142em na Sejm I i III kadencji, sekretarzem stanu w Kancelarii Prezesa Rady Ministr\u00f3w w rz\u0105dzie Jerzego Buzka, zast\u0119pc\u0105 przewodnicz\u0105cego i s\u0119dzi\u0105 Trybuna\u0142u Stanu, przewodnicz\u0105cym i wiceprzewodnicz\u0105cym Sejmiku Wojew\u00f3dztwa Ma\u0142opolskiego. Pomimo swych rozlicznych funkcji jest czynnym adwokatem i radc\u0105 prawnym. Wielokrotnie honorowany odznaczeniami pa\u0144stwowymi i bran\u017cowymi, m.in. Krzy\u017cem Oficerskim Orderu Odrodzenia Polski. Kazimierz Barczyk jest te\u017c za\u0142o\u017cycielem i przewodnicz\u0105cym powo\u0142anego do \u017cycia w 1991 r. Stowarzyszenia Gmin i Powiat\u00f3w Ma\u0142opolski oraz wsp\u00f3\u0142za\u0142o\u017cycielem (1993), a nast\u0119pnie przewodnicz\u0105cym Federacji Zwi\u0105zk\u00f3w i Stowarzysze\u0144 Gmin Polskich z siedzib\u0105 w Krakowie \u2013 obecnie Federacji Regionalnych Zwi\u0105zk\u00f3w Gmin i Powiat\u00f3w RP, najwi\u0119kszej organizacji samorz\u0105d\u00f3w terytorialnych w Polsce, skupiaj\u0105cej 1000 gmin, powiat\u00f3w i wojew\u00f3dztw w 20 regionalnych zwi\u0105zkach.<\/p><\/p>\n\n\n\n<p style=\"text-align: justify;\">\u2013 Jestem niezmiernie dumny, i\u017c dzi\u015b mog\u0119 Panu wr\u0119czy\u0107 medal Cracoviae Merenti, najwy\u017csze odznaczenie miasta Krakowa, miasta dla kt\u00f3rego Pan tak wiele zrobi\u0142. Pa\u0144ska konsekwentna i aktywna dzia\u0142alno\u015b\u0107 samorz\u0105dowa zas\u0142uguje na najwy\u017csze uznanie. Przez wiele lat dzia\u0142alno\u015bci stworzy\u0142 Pan wspaniale rozwijaj\u0105ce si\u0119 porozumienie oraz kulturowe i gospodarcze wi\u0119zi pomi\u0119dzy mieszka\u0144cami i instytucjami regionu. To Pa\u0144ski g\u0142os nieraz liczy\u0142 si\u0119 w rozmowach pomi\u0119dzy w\u0142adzami centralnymi a samorz\u0105dem. To dzi\u0119ki Panu i Pa\u0144skiemu zaanga\u017cowaniu mamy w Krakowie liczne instytucje kulturalne i historyczne, jak np. Muzeum Armii Krajowej. Nie spos\u00f3b w tych kilku zadaniach opowiedzie\u0107 o wszystkich zas\u0142ugach dla naszego miasta, kt\u00f3re by\u0142y Pa\u0144skim udzia\u0142em. Zapewni\u0107 mog\u0119 jedynie, i\u017c pami\u0119tamy o nich i jeste\u015bmy za nie wdzi\u0119czni. A wyrazem naszych podzi\u0119kowa\u0144 niech b\u0119dzie br\u0105zowy medal Cracoviae Merenti \u2013 m\u00f3wi\u0142 do laureata Dominik Ja\u015bkowiec, Przewodnicz\u0105cy RMK.<\/p><\/p>\n\n\n\n<p>Fot:  RMK <\/p>\n","protected":false},"excerpt":{"rendered":"<p>Prof. Jan Ostrowski, Mieczys\u0142aw Koz\u0142owski i Kazimierz Barczyk \u2013 trzy wyj\u0105tkowe osoby zwi\u0105zane z Krakowem i zas\u0142u\u017cone dla miasta odebra\u0142y br\u0105zowe medale Cracoviae Merenti. Najwy\u017csze odznaczenia przyznawane przez Krak\u00f3w wr\u0119czone &hellip; <\/p>\n","protected":false},"author":1,"featured_media":24590,"comment_status":"closed","ping_status":"open","sticky":false,"template":"","format":"standard","meta":{"footnotes":""},"categories":[3,2,1],"tags":[],"_links":{"self":[{"href":"https:\/\/patriotycznykrakow.pl\/index.php\/wp-json\/wp\/v2\/posts\/24588"}],"collection":[{"href":"https:\/\/patriotycznykrakow.pl\/index.php\/wp-json\/wp\/v2\/posts"}],"about":[{"href":"https:\/\/patriotycznykrakow.pl\/index.php\/wp-json\/wp\/v2\/types\/post"}],"author":[{"embeddable":true,"href":"https:\/\/patriotycznykrakow.pl\/index.php\/wp-json\/wp\/v2\/users\/1"}],"replies":[{"embeddable":true,"href":"https:\/\/patriotycznykrakow.pl\/index.php\/wp-json\/wp\/v2\/comments?post=24588"}],"version-history":[{"count":0,"href":"https:\/\/patriotycznykrakow.pl\/index.php\/wp-json\/wp\/v2\/posts\/24588\/revisions"}],"wp:featuredmedia":[{"embeddable":true,"href":"https:\/\/patriotycznykrakow.pl\/index.php\/wp-json\/wp\/v2\/media\/24590"}],"wp:attachment":[{"href":"https:\/\/patriotycznykrakow.pl\/index.php\/wp-json\/wp\/v2\/media?parent=24588"}],"wp:term":[{"taxonomy":"category","embeddable":true,"href":"https:\/\/patriotycznykrakow.pl\/index.php\/wp-json\/wp\/v2\/categories?post=24588"},{"taxonomy":"post_tag","embeddable":true,"href":"https:\/\/patriotycznykrakow.pl\/index.php\/wp-json\/wp\/v2\/tags?post=24588"}],"curies":[{"name":"wp","href":"https:\/\/api.w.org\/{rel}","templated":true}]}}